[{"@context":"https:\/\/schema.org\/","@type":"Article","@id":"https:\/\/www.andy-dc.cz\/krasa-ve-vasem-dome\/#Article","mainEntityOfPage":"https:\/\/www.andy-dc.cz\/krasa-ve-vasem-dome\/","headline":"Kr\u00e1sa ve Va\u0161em dom\u011b","name":"Kr\u00e1sa ve Va\u0161em dom\u011b","description":"Zimn\u00ed zahrady v\u00e1m v dom\u011b vytvo\u0159\u00ed jednu dal\u0161\u00ed obytnou m\u00edstnost nav\u00edc a d\u00edky tomu zde m\u016f\u017eete v\u00edtat hosty, odpo\u010d\u00edvat, relaxovat a b\u00fdt v teple, st\u00ednu a suchu za ka\u017ed\u00e9ho po\u010das\u00ed.<p class=\"more-link\"><a href=\"https:\/\/www.andy-dc.cz\/krasa-ve-vasem-dome\/\" class=\"readmore\">P\u0159e\u010d\u00edst...<svg class=\"icon icon-arrow-right\" aria-hidden=\"true\" role=\"img\"> <use href=\"#icon-arrow-right\" xlink:href=\"#icon-arrow-right\"><\/use> <\/svg><span class=\"screen-reader-text\">Kr\u00e1sa ve Va\u0161em dom\u011b<\/span><\/a><\/p>","datePublished":"2024-10-17","dateModified":"2024-10-17","author":{"@type":"Person","@id":"https:\/\/www.andy-dc.cz\/author\/#Person","name":"","url":"https:\/\/www.andy-dc.cz\/author\/","identifier":1,"image":{"@type":"ImageObject","@id":"https:\/\/secure.gravatar.com\/avatar\/9bbe1b3bd68cf5b616cc697a459b86e3be4df6c120806baf939f8aad94b0a3d6?s=96&d=mm&r=g","url":"https:\/\/secure.gravatar.com\/avatar\/9bbe1b3bd68cf5b616cc697a459b86e3be4df6c120806baf939f8aad94b0a3d6?s=96&d=mm&r=g","height":96,"width":96}},"publisher":{"@type":"Organization","name":"andy-dc.cz","logo":{"@type":"ImageObject","@id":"\/logo.png","url":"\/logo.png","width":600,"height":60}},"url":"https:\/\/www.andy-dc.cz\/krasa-ve-vasem-dome\/","wordCount":129,"articleBody":"Zimn\u00ed zahrady v\u00e1m v dom\u011b vytvo\u0159\u00ed jednu dal\u0161\u00ed obytnou m\u00edstnost nav\u00edc a d\u00edky tomu zde m\u016f\u017eete v\u00edtat hosty, odpo\u010d\u00edvat, relaxovat a b\u00fdt v teple, st\u00ednu a suchu za ka\u017ed\u00e9ho po\u010das\u00ed. P\u0159ed samotnou v\u00fdstavbou zhotov\u00edme 3D vizualizaci tak, abyste vid\u011bli jak to cel\u00e9 ve fin\u00e1le bude vypadat.\tM\u011bjte doma l\u00e9to po\u0159\u00e1dZimn\u00ed zahrady ochr\u00e1n\u00ed letn\u00ed kv\u011btiny p\u0159ed zimou, kterou by venku nem\u011bli \u0161anci p\u0159e\u017e\u00edt. Jako dopl\u0148ky nab\u00edz\u00edme do zimn\u00edch zahrad klimatizaci, regulaci topen\u00ed, st\u00edn\u00edc\u00ed syst\u00e9my, nebo t\u0159eba osv\u011btlen\u00ed na d\u00e1lku. V\u00edce informac\u00ed se do\u010dtete na na\u0161ich str\u00e1nk\u00e1ch.                                                                                                                                                                                                                                                                                                                                                                                        4.7\/5 - (4 votes)        "},{"@context":"https:\/\/schema.org\/","@type":"BreadcrumbList","itemListElement":[{"@type":"ListItem","position":1,"name":"Kr\u00e1sa ve Va\u0161em dom\u011b","item":"https:\/\/www.andy-dc.cz\/krasa-ve-vasem-dome\/#breadcrumbitem"}]}]