[{"@context":"https:\/\/schema.org\/","@type":"Article","@id":"https:\/\/www.andy-dc.cz\/nabizime-zapujceni-vozu-i-s-ridicem\/#Article","mainEntityOfPage":"https:\/\/www.andy-dc.cz\/nabizime-zapujceni-vozu-i-s-ridicem\/","headline":"Nab\u00edz\u00edme zap\u016fj\u010den\u00ed vozu i s \u0159idi\u010dem","name":"Nab\u00edz\u00edme zap\u016fj\u010den\u00ed vozu i s \u0159idi\u010dem","description":"V \u017eivot\u011b rodiny jsou chv\u00edle v\u0161edn\u00ed a ka\u017edodenn\u00ed, na druh\u00e9 stran\u011b jsou jist\u00e9 p\u0159\u00edle\u017eitosti, kter\u00e9 se d\u011bj\u00ed jednou za rok, n\u011bkter\u00e9 dokonce jen jednou za \u017eivot. Mezi ty, kter\u00e9 se<p class=\"more-link\"><a href=\"https:\/\/www.andy-dc.cz\/nabizime-zapujceni-vozu-i-s-ridicem\/\" class=\"readmore\">P\u0159e\u010d\u00edst...<svg class=\"icon icon-arrow-right\" aria-hidden=\"true\" role=\"img\"> <use href=\"#icon-arrow-right\" xlink:href=\"#icon-arrow-right\"><\/use> <\/svg><span class=\"screen-reader-text\">Nab\u00edz\u00edme zap\u016fj\u010den\u00ed vozu i s \u0159idi\u010dem<\/span><\/a><\/p>","datePublished":"2025-04-07","dateModified":"2025-04-07","author":{"@type":"Person","@id":"https:\/\/www.andy-dc.cz\/author\/#Person","name":"","url":"https:\/\/www.andy-dc.cz\/author\/","identifier":1,"image":{"@type":"ImageObject","@id":"https:\/\/secure.gravatar.com\/avatar\/9bbe1b3bd68cf5b616cc697a459b86e3be4df6c120806baf939f8aad94b0a3d6?s=96&d=mm&r=g","url":"https:\/\/secure.gravatar.com\/avatar\/9bbe1b3bd68cf5b616cc697a459b86e3be4df6c120806baf939f8aad94b0a3d6?s=96&d=mm&r=g","height":96,"width":96}},"publisher":{"@type":"Organization","name":"andy-dc.cz","logo":{"@type":"ImageObject","@id":"\/logo.png","url":"\/logo.png","width":600,"height":60}},"url":"https:\/\/www.andy-dc.cz\/nabizime-zapujceni-vozu-i-s-ridicem\/","wordCount":247,"articleBody":" V \u017eivot\u011b rodiny jsou chv\u00edle v\u0161edn\u00ed a ka\u017edodenn\u00ed, na druh\u00e9 stran\u011b jsou jist\u00e9 p\u0159\u00edle\u017eitosti, kter\u00e9 se d\u011bj\u00ed jednou za rok, n\u011bkter\u00e9 dokonce jen jednou za \u017eivot. Mezi ty, kter\u00e9 se d\u011bj\u00ed jen jednou za \u017eivot rozhodn\u011b pat\u0159\u00ed k\u0159tiny \u010di svatba. Pravda, u svatby to sice nen\u00ed tak jist\u00e9, nicm\u00e9n\u011b v onu chv\u00edli v to v\u0161ichni jist\u011b v\u011b\u0159\u00ed. Av\u0161ak, rodina je \u0161irok\u00e1, ka\u017ed\u00fd nebydl\u00ed ve Va\u0161em m\u011bst\u011b. Co s t\u00edm? Na\u0161e autop\u016fj\u010dovna V\u00e1m umo\u017en\u00ed pohodlnou dopravu pro v\u0161echny z\u00fa\u010dastn\u011bn\u00e9. Autop\u016fj\u010dovna A jak to vypad\u00e1, zamysl\u00edme-li se nad pr\u00e1v\u011b zm\u00edn\u011bnou svatbou? Je to ud\u00e1lost, kdy se ka\u017ed\u00fd kr\u00e1sn\u011b obl\u00e9kne, nev\u011bsta a \u017eenich maj\u00ed zpravidla velmi slavnostn\u00ed obleky, kter\u00e9 ji\u017e p\u0159i jin\u00fdch p\u0159\u00edle\u017eitostech ani neu\u017eij\u00ed. Nejsou p\u0159ipraveni na eventualitu, \u017ee bude pot\u0159eba prov\u00e9st nezbytnou a ne\u010dekanou opravu auta, kter\u00e9 je ji\u017e l\u00e9ta poruchov\u00e9. Spolehliv\u00e9 a pravideln\u011b odborn\u011b kontrolovan\u00e9 auto V\u00e1m kdykoli zap\u016fj\u010d\u00ed na\u0161e autop\u016fj\u010dovna. Nev\u00e1hejte naplno slavit Mo\u017en\u00e1 m\u00e1te obavy, \u017ee budete na svatb\u011b limitov\u00e1ni vyp\u016fj\u010den\u00edm vozu a d\u00edky tomu si nebudete moci s novoman\u017eely ani p\u0159ip\u00edt. Na\u0161e autop\u016fj\u010dovna mysl\u00ed na v\u0161echny eventuality, nab\u00edz\u00edme zap\u016fj\u010den\u00ed vozu i s \u0159idi\u010dem.                                                                                                                                                                                                                                                                                                                                                                                                "},{"@context":"https:\/\/schema.org\/","@type":"BreadcrumbList","itemListElement":[{"@type":"ListItem","position":1,"name":"Nab\u00edz\u00edme zap\u016fj\u010den\u00ed vozu i s \u0159idi\u010dem","item":"https:\/\/www.andy-dc.cz\/nabizime-zapujceni-vozu-i-s-ridicem\/#breadcrumbitem"}]}]