[{"@context":"https:\/\/schema.org\/","@type":"Article","@id":"https:\/\/www.andy-dc.cz\/nechcete-snizit-vydaje-sve-firmy\/#Article","mainEntityOfPage":"https:\/\/www.andy-dc.cz\/nechcete-snizit-vydaje-sve-firmy\/","headline":"Nechcete sn\u00ed\u017eit v\u00fddaje sv\u00e9 firmy?","name":"Nechcete sn\u00ed\u017eit v\u00fddaje sv\u00e9 firmy?","description":"Pokud vedete n\u011bkterou firmu \u010di pracujete jako OSV\u010c, dost mo\u017en\u00e1 nad touto ot\u00e1zkou krout\u00edte hlavou. Kdo by necht\u011bl u\u0161et\u0159it? Kdo by necht\u011bl sn\u00ed\u017eit v\u00fddaje sv\u00e9 firmy? Kdo by necht\u011bl u\u0161et\u0159it<p class=\"more-link\"><a href=\"https:\/\/www.andy-dc.cz\/nechcete-snizit-vydaje-sve-firmy\/\" class=\"readmore\">P\u0159e\u010d\u00edst...<svg class=\"icon icon-arrow-right\" aria-hidden=\"true\" role=\"img\"> <use href=\"#icon-arrow-right\" xlink:href=\"#icon-arrow-right\"><\/use> <\/svg><span class=\"screen-reader-text\">Nechcete sn\u00ed\u017eit v\u00fddaje sv\u00e9 firmy?<\/span><\/a><\/p>","datePublished":"2024-10-21","dateModified":"2024-10-21","author":{"@type":"Person","@id":"https:\/\/www.andy-dc.cz\/author\/#Person","name":"","url":"https:\/\/www.andy-dc.cz\/author\/","identifier":1,"image":{"@type":"ImageObject","@id":"https:\/\/secure.gravatar.com\/avatar\/9bbe1b3bd68cf5b616cc697a459b86e3be4df6c120806baf939f8aad94b0a3d6?s=96&d=mm&r=g","url":"https:\/\/secure.gravatar.com\/avatar\/9bbe1b3bd68cf5b616cc697a459b86e3be4df6c120806baf939f8aad94b0a3d6?s=96&d=mm&r=g","height":96,"width":96}},"publisher":{"@type":"Organization","name":"andy-dc.cz","logo":{"@type":"ImageObject","@id":"\/logo.png","url":"\/logo.png","width":600,"height":60}},"url":"https:\/\/www.andy-dc.cz\/nechcete-snizit-vydaje-sve-firmy\/","wordCount":260,"articleBody":"Pokud vedete n\u011bkterou firmu \u010di pracujete jako OSV\u010c, dost mo\u017en\u00e1 nad touto ot\u00e1zkou krout\u00edte hlavou. Kdo by necht\u011bl u\u0161et\u0159it? Kdo by necht\u011bl sn\u00ed\u017eit v\u00fddaje sv\u00e9 firmy? Kdo by necht\u011bl u\u0161et\u0159it tam, kde to je mo\u017en\u00e9? Snad jen n\u011bkdo skute\u010dn\u011b mimo\u0159\u00e1dn\u011b velkorys\u00fd by platil za n\u011bco, co nen\u00ed zapot\u0159eb\u00ed. A jak je na to Va\u0161e firma s v\u00fddaji? Co t\u0159eba \u00fa\u010detnictv\u00ed? Jak jej m\u00e1te vedeno? Nech\u00e1v\u00e1te si sv\u00e9 finance spravovat od n\u011bkter\u00e9 specializovan\u00e9 firmy? Asi pak m\u00e1te pocit, \u017ee je o v\u0161e postar\u00e1no a v\u0161e je spr\u00e1vn\u011b podchyceno. S nejv\u011bt\u0161\u00ed pravd\u011bpodobnost\u00ed tomu tak skute\u010dn\u011b je, nicm\u00e9n\u011b je Va\u0161e firma skute\u010dn\u011b tak velik\u00e1, \u017ee byste nezvl\u00e1dli sv\u00e9 finance spravovat sami?\tNau\u010dte se n\u011bco nov\u00e9hoMo\u017en\u00e1 budete p\u0159ekvapeni, \u017ee ne ka\u017ed\u00fd, kdo se profesion\u00e1ln\u011b v\u011bnuje finan\u010dn\u00edm z\u00e1le\u017eitostem, je vysoko\u0161kolsky vzd\u011blan\u00fd s mnohaletou prax\u00ed. Tato oblast nen\u00ed tak slo\u017eit\u00e1, snadno dostupn\u00e9 jsou mnoh\u00e9 kurzy \u00fa\u010detnictv\u00ed, kde se nau\u010d\u00edte v\u0161e, co pro svou praxi budete pot\u0159ebovat. V\u011bzte, \u017ee, zejm\u00e9na m\u00e1te-li firmu men\u0161\u00ed, je to jednodu\u0161\u0161\u00ed, ne\u017e si asi p\u0159edstavujete. Vyberte si kurz pro \u00fapln\u00e9 za\u010d\u00e1te\u010dn\u00edky, vyberte si pro pokro\u010dil\u00e9 \u010di t\u0159eba t\u0159\u00eddenn\u00ed praxi. U n\u00e1s se nau\u010d\u00edte, jak v\u0161e naostro skute\u010dn\u011b zvl\u00e1dat.                                                                                                                                                                                                                                                                                                                                                                                        5\/5 - (1 vote)        "},{"@context":"https:\/\/schema.org\/","@type":"BreadcrumbList","itemListElement":[{"@type":"ListItem","position":1,"name":"Nechcete sn\u00ed\u017eit v\u00fddaje sv\u00e9 firmy?","item":"https:\/\/www.andy-dc.cz\/nechcete-snizit-vydaje-sve-firmy\/#breadcrumbitem"}]}]