[{"@context":"https:\/\/schema.org\/","@type":"Article","@id":"https:\/\/www.andy-dc.cz\/novy-katalog\/#Article","mainEntityOfPage":"https:\/\/www.andy-dc.cz\/novy-katalog\/","headline":"Nov\u00fd katalog","name":"Nov\u00fd katalog","description":"U\u017e m\u00e1te doma v\u00e1\u0161 nov\u00fd origin\u00e1ln\u00ed katalog kosmetick\u00e9 zna\u010dky Oriflame? Tak si prohl\u00e9dn\u011bte v\u0161echny nov\u00e9 v\u00fdrobky, ak\u010dn\u00ed ceny a slevov\u00e9 akce, doprod\u00e1vaj\u00edc\u00ed zbo\u017e\u00ed nebo t\u0159eba mladistvou zna\u010dku dekorativn\u00ed kosmetiku, \u0159adu<p class=\"more-link\"><a href=\"https:\/\/www.andy-dc.cz\/novy-katalog\/\" class=\"readmore\">P\u0159e\u010d\u00edst...<svg class=\"icon icon-arrow-right\" aria-hidden=\"true\" role=\"img\"> <use href=\"#icon-arrow-right\" xlink:href=\"#icon-arrow-right\"><\/use> <\/svg><span class=\"screen-reader-text\">Nov\u00fd katalog<\/span><\/a><\/p>","datePublished":"2024-12-13","dateModified":"2024-12-13","author":{"@type":"Person","@id":"https:\/\/www.andy-dc.cz\/author\/#Person","name":"","url":"https:\/\/www.andy-dc.cz\/author\/","identifier":1,"image":{"@type":"ImageObject","@id":"https:\/\/secure.gravatar.com\/avatar\/9bbe1b3bd68cf5b616cc697a459b86e3be4df6c120806baf939f8aad94b0a3d6?s=96&d=mm&r=g","url":"https:\/\/secure.gravatar.com\/avatar\/9bbe1b3bd68cf5b616cc697a459b86e3be4df6c120806baf939f8aad94b0a3d6?s=96&d=mm&r=g","height":96,"width":96}},"publisher":{"@type":"Organization","name":"andy-dc.cz","logo":{"@type":"ImageObject","@id":"\/logo.png","url":"\/logo.png","width":600,"height":60}},"url":"https:\/\/www.andy-dc.cz\/novy-katalog\/","wordCount":177,"articleBody":"U\u017e m\u00e1te doma v\u00e1\u0161 nov\u00fd origin\u00e1ln\u00ed katalog kosmetick\u00e9 zna\u010dky Oriflame? Tak si prohl\u00e9dn\u011bte v\u0161echny nov\u00e9 v\u00fdrobky, ak\u010dn\u00ed ceny a slevov\u00e9 akce, doprod\u00e1vaj\u00edc\u00ed zbo\u017e\u00ed nebo t\u0159eba mladistvou zna\u010dku dekorativn\u00ed kosmetiku, \u0159adu opalovac\u00edch kr\u00e9m\u016f,\u2026 Budete kr\u00e1sn\u00e1, okouzluj\u00edc\u00ed a sv\u011btov\u00e1! A pr\u00e1v\u011b proto mus\u00edte zn\u00e1t, \u017ee \u0161v\u00e9dsk\u00e1 kosmetika je pro Oriflame registraci a v\u00e1s skute\u010dn\u011b ta prav\u00e1.Kosmetika z p\u0159\u00edrodyMezin\u00e1rodn\u00ed zna\u010dka t\u00e9to sv\u011btov\u00e9 firmyje zn\u00e1m\u00e1 p\u0159edev\u0161\u00edm d\u00edky etick\u00e9mu kodexu, ve kter\u00e9m zcela z\u00e1sadn\u011b odm\u00edt\u00e1 testov\u00e1n\u00ed v\u00fdrobk\u016f na zv\u00ed\u0159atech. Program firmy tak\u00e9 nepou\u017e\u00edv\u00e1 k v\u00fdrob\u011b l\u00e1tky z mrtv\u00fdch zv\u00ed\u0159at. D\u016fkazem m\u016f\u017ee b\u00fdt t\u0159eba pou\u017eit\u00ed pseudokolagenu, co\u017e je kolagen ne\u017eivo\u010di\u0161n\u00e9ho p\u016fvodu. Vyr\u00e1b\u00ed se v l\u016fn\u011b p\u0159\u00edrody za pomoci \u010dist\u011b p\u0159\u00edrodn\u00edch a nez\u00e1vadn\u00fdch produkt\u016f, p\u0159idejte se &#8211; Oriflame registrace.                                                                                                                                                                                                                                                                                                                                                                                        3.8\/5 - (5 votes)        "},{"@context":"https:\/\/schema.org\/","@type":"BreadcrumbList","itemListElement":[{"@type":"ListItem","position":1,"name":"Nov\u00fd katalog","item":"https:\/\/www.andy-dc.cz\/novy-katalog\/#breadcrumbitem"}]}]