[{"@context":"https:\/\/schema.org\/","@type":"Blog","@id":"https:\/\/www.andy-dc.cz#Blog","headline":"Andy Dc","description":"\nJe nejednou neskute\u010dn\u011b t\u011b\u017ek\u00e9, ne-li zhola nemo\u017en\u00e9, zjistit, co je na internetu pravda a co le\u017e. Ale je jist\u00e9, \u017ee co se do\u010dtete u n\u00e1s, je jen \u010dist\u00e1 pravda.","url":"https:\/\/www.andy-dc.cz","hasPart":[{"@type":"Article","@id":"https:\/\/www.andy-dc.cz\/instagram-slavi-necekane-uspechy\/","headline":"Instagram slav\u00ed ne\u010dekan\u00e9 \u00fasp\u011bchy","url":"https:\/\/www.andy-dc.cz\/instagram-slavi-necekane-uspechy\/","datePublished":"2016-09-16","dateModified":"2023-06-08","mainEntityOfPage":"https:\/\/www.andy-dc.cz\/instagram-slavi-necekane-uspechy\/","author":{"@type":"Person","@id":"https:\/\/www.andy-dc.cz\/author\/#Person","name":"","url":"https:\/\/www.andy-dc.cz\/author\/","identifier":1,"image":{"@type":"ImageObject","@id":"https:\/\/secure.gravatar.com\/avatar\/9bbe1b3bd68cf5b616cc697a459b86e3be4df6c120806baf939f8aad94b0a3d6?s=96&d=mm&r=g","url":"https:\/\/secure.gravatar.com\/avatar\/9bbe1b3bd68cf5b616cc697a459b86e3be4df6c120806baf939f8aad94b0a3d6?s=96&d=mm&r=g","height":96,"width":96}},"publisher":{"@type":"Organization","name":"andy-dc.cz","logo":{"@type":"ImageObject","@id":"\/logo.png","url":"\/logo.png","width":600,"height":60}},"image":null,"wordCount":407,"keywords":null}]},{"@context":"https:\/\/schema.org","@type":"WebSite","@id":"https:\/\/www.andy-dc.cz\/#website","name":"Andy Dc","url":"https:\/\/www.andy-dc.cz","potentialAction":{"@type":"SearchAction","target":"https:\/\/www.andy-dc.cz\/?s={search_term_string}","query-input":"required name=search_term_string"}}]