[{"@context":"https:\/\/schema.org\/","@type":"Article","@id":"https:\/\/www.andy-dc.cz\/ve-strednim-veku-o-sebe-uz-musite-dbat\/#Article","mainEntityOfPage":"https:\/\/www.andy-dc.cz\/ve-strednim-veku-o-sebe-uz-musite-dbat\/","headline":"Ve st\u0159edn\u00edm v\u011bku o sebe u\u017e mus\u00edte db\u00e1t","name":"Ve st\u0159edn\u00edm v\u011bku o sebe u\u017e mus\u00edte db\u00e1t","description":"\u017deny se netaj\u00ed t\u00edm, \u017ee na sebe b\u011bhem \u017eivota vyprodukuj\u00ed velk\u00e9 mno\u017estv\u00ed kosmetick\u00fdch p\u0159\u00edpravk\u016f. A\u0165 je to kv\u016fli kr\u00e1se nebo mlad\u0161\u00edmu vzhledu, d\u011blaj\u00ed v\u0161e proto, aby vypadali l\u00e9pe. O nic<p class=\"more-link\"><a href=\"https:\/\/www.andy-dc.cz\/ve-strednim-veku-o-sebe-uz-musite-dbat\/\" class=\"readmore\">P\u0159e\u010d\u00edst...<svg class=\"icon icon-arrow-right\" aria-hidden=\"true\" role=\"img\"> <use href=\"#icon-arrow-right\" xlink:href=\"#icon-arrow-right\"><\/use> <\/svg><span class=\"screen-reader-text\">Ve st\u0159edn\u00edm v\u011bku o sebe u\u017e mus\u00edte db\u00e1t<\/span><\/a><\/p>","datePublished":"2023-06-08","dateModified":"2023-06-08","author":{"@type":"Person","@id":"https:\/\/www.andy-dc.cz\/author\/#Person","name":"","url":"https:\/\/www.andy-dc.cz\/author\/","identifier":1,"image":{"@type":"ImageObject","@id":"https:\/\/secure.gravatar.com\/avatar\/9bbe1b3bd68cf5b616cc697a459b86e3be4df6c120806baf939f8aad94b0a3d6?s=96&d=mm&r=g","url":"https:\/\/secure.gravatar.com\/avatar\/9bbe1b3bd68cf5b616cc697a459b86e3be4df6c120806baf939f8aad94b0a3d6?s=96&d=mm&r=g","height":96,"width":96}},"publisher":{"@type":"Organization","name":"andy-dc.cz","logo":{"@type":"ImageObject","@id":"\/logo.png","url":"\/logo.png","width":600,"height":60}},"image":{"@type":"ImageObject","@id":"https:\/\/www.andy-dc.cz\/wp-content\/uploads\/img_a311120_w2195_t1522058525.jpg","url":"https:\/\/www.andy-dc.cz\/wp-content\/uploads\/img_a311120_w2195_t1522058525.jpg","height":0,"width":0},"url":"https:\/\/www.andy-dc.cz\/ve-strednim-veku-o-sebe-uz-musite-dbat\/","wordCount":484,"articleBody":"\u017deny se netaj\u00ed t\u00edm, \u017ee na sebe b\u011bhem \u017eivota vyprodukuj\u00ed velk\u00e9 mno\u017estv\u00ed kosmetick\u00fdch p\u0159\u00edpravk\u016f. A\u0165 je to kv\u016fli kr\u00e1se nebo mlad\u0161\u00edmu vzhledu, d\u011blaj\u00ed v\u0161e proto, aby vypadali l\u00e9pe. O nic hor\u0161\u00ed nejsou ani mu\u017ei, kte\u0159\u00ed se sp\u00ed\u0161e taj\u00ed t\u00edm, \u017ee se sna\u017e\u00ed dop\u0159\u00e1t pleti a poko\u017ece stejn\u011b velk\u00e9 \u00fasil\u00ed jako samotn\u00e9 \u017eeny. A pokud tomu tak nen\u00ed, rozhodn\u011b by v\u011bk, kter\u00fd jich dostihl nem\u011bli podce\u0148ovat a za\u010d\u00edt o sebe \u0159\u00e1dn\u011b pe\u010dovat.\tT-z\u00f3na a masky na obli\u010dejHydratace je pro ple\u0165 v ka\u017ed\u00e9m v\u011bku nesm\u00edrn\u011b d\u016fle\u017eit\u00e1, ov\u0161em v tom pokro\u010dil\u00e9m u\u017e nepostradateln\u00e1! Nesm\u00edte b\u00fdt lhostejn\u00ed ani k va\u0161im ucpan\u00fdm p\u00f3r\u016fm a dop\u0159\u00e1t T-z\u00f3n\u011b na va\u0161em obli\u010deji kvalitn\u00ed p\u00e9\u010di.Masky na tv\u00e1\u0159nejsou ur\u010den\u00e9 jen pro \u017eeny, nesty\u010fte se proto koupit si (pop\u0159\u00edpad\u011b vyrobit doma) n\u011bjak\u00e9 s regenera\u010dn\u00edmi \u00fa\u010dinky.\u010cern\u00e9 te\u010dkytr\u00e1p\u00ed v\u011bt\u0161inu mu\u017e\u016f a je opravdu t\u011b\u017ek\u00e9 zbavit se jich jen tak bez n\u00e1mahy. Va\u0161\u00ed neodmyslitelnou sou\u010d\u00e1st\u00ed kosmetiky by m\u011bl b\u00fdt peeling, kter\u00fd v\u00e1s zbav\u00ed odum\u0159el\u00fdch zbytk\u016f k\u016f\u017ee a vy\u010dist\u00ed ple\u0165 do hloubky.\tJezte zdrav\u011b, ne jako v ml\u00e1d\u00edFakt, \u017ee jste v pubert\u011b spo\u0159\u00e1dali n\u011bkolik hamburger\u016f za t\u00fdden a va\u0161e t\u011blo na to nezareagovalo obezitou m\u00e1 na sv\u011bdom\u00ed jen to, \u017ee jste byli ve v\u00fdvinu. Te\u010f u\u017e se va\u0161e t\u011blo pere s ka\u017ed\u00fdm t\u011b\u017ece straviteln\u00fdm j\u00eddlem mnohem del\u0161\u00ed dobu a v\u011bt\u0161inou, d\u00edky pomalej\u0161\u00edmu metabolismu m\u011bn\u00ed nezdrav\u00e9 slo\u017eky potravin v tuky.\u010c\u00edm jste star\u0161\u00ed, t\u00edm v\u00edce byste m\u011bli v\u011bnovat pozornost i zv\u00fd\u0161en\u00e9fyzick\u00e9 aktivit\u011b. Nemus\u00edte za\u010d\u00edt hned vrcholov\u011b tr\u00e9novat, ale pohyb ve sv\u00e9m \u017eivot\u011b ur\u010dit\u011b nepodce\u0148ujte.\tVitam\u00ednov\u00e9 dopl\u0148kyVitam\u00edny a miner\u00e1ln\u00ed l\u00e1tkyt\u011blo pot\u0159ebuje po\u0159\u00e1d. Ov\u0161em v pokro\u010dil\u00e9m v\u011bku nesm\u00edte zapom\u00ednat na pos\u00edlen\u00ed imunitn\u00edho syst\u00e9mu, dopln\u011bn\u00ed d\u016fle\u017eit\u00fdch slo\u017eek, kter\u00e9 v\u00e1m pom\u016f\u017eou udr\u017eet va\u0161i energii a zdrav\u00ed v rovnov\u00e1ze.\tM\u00e9n\u011b alkoholuAlkohol nep\u0159\u00edzniv\u011b p\u016fsob\u00ed na na\u0161e zdrav\u00ed, a to do zna\u010dn\u00e9 m\u00edry. Pokud budete p\u0159ij\u00edmat nadm\u011brn\u00e9 mno\u017estv\u00ed alkoholu, projev\u00ed se to na va\u0161em vzhledu a zdravotn\u00edm stavu. Alkohol m\u00e1 na sv\u011bdom\u00ed nar\u016fstaj\u00edc\u00ed v\u00e1hu, ohro\u017een\u00ed \u017eivotn\u00edch org\u00e1n\u016f a star\u0161\u00ed vzhled va\u0161\u00ed pleti. D\u00e1t si jedno nebo dv\u011b piva, ale ni\u010demu neu\u0161kod\u00ed. Ov\u0161em tady plat\u00ed pravidlo \u201ev\u0161eho s m\u00edrou\u201c dvojn\u00e1sobn\u011b!\u00a0                                                                                                                                                                                                                                                                                                                                                                                        4.5\/5 - (11 votes)        "},{"@context":"https:\/\/schema.org\/","@type":"BreadcrumbList","itemListElement":[{"@type":"ListItem","position":1,"name":"Ve st\u0159edn\u00edm v\u011bku o sebe u\u017e mus\u00edte db\u00e1t","item":"https:\/\/www.andy-dc.cz\/ve-strednim-veku-o-sebe-uz-musite-dbat\/#breadcrumbitem"}]}]